{"id":158,"date":"2019-04-08T18:56:58","date_gmt":"2019-04-08T21:56:58","guid":{"rendered":"https:\/\/www.luanadecoracoes.com.br\/site\/?p=158"},"modified":"2019-04-10T17:28:14","modified_gmt":"2019-04-10T20:28:14","slug":"sofisticacao-com-cortinas-em-brasilia-asa-sul-e-norte","status":"publish","type":"post","link":"https:\/\/www.luanadecoracoes.com.br\/site\/sofisticacao-com-cortinas-em-brasilia-asa-sul-e-norte\/","title":{"rendered":"Sofistica\u00e7\u00e3o com cortinas em Bras\u00edlia &#8211; Asa Sul e Norte"},"content":{"rendered":"<h1>Asa Sul e Norte, bairros que respiram\u00a0<a title=\"Decora\u00e7\u00e3o de cortinas na Asa Sul e Norte\" href=\"https:\/\/www.luanadecoracoes.com.br\/site\/papel-de-parede-decor\" target=\"_blank\" rel=\"noopener\">decora\u00e7\u00e3o<\/a>\u00a0de\u00a0<a title=\"Cortinas em Asa Sul e Norte\" href=\"https:\/\/www.luanadecoracoes.com.br\/site\/cortinas\">cortinas<\/a><\/h1>\r\nCortinas que fazem a diferen\u00e7a nos bairros de Bras\u00edlia. N\u00e3o precisa andar muito por suas Asas, as Asas Sul e Norte com seus imensos pr\u00e9dios comerciais e tamb\u00e9m os residenciais t\u00eam feito a grande diferen\u00e7a na\u00a0<a title=\"Decora\u00e7\u00e3o de cortinas na Asa Sul e Norte\" href=\"https:\/\/www.luanadecoracoes.com.br\/site\/papel-de-parede-decor\" target=\"_blank\" rel=\"noopener\">decora\u00e7\u00e3o<\/a>\u00a0dos ambientes. Proporcionando um bloqueio total ou parcial da luminosidade, conforto visual e at\u00e9 mesmo t\u00e9rmico. S\u00e3o muitos os tipos de cortinas tanto para salas comerciais sofisticadas como para as resid\u00eancias mais simples.\r\n<h3><strong><a title=\"Cortinas em Asa Sul e Norte\" href=\"https:\/\/www.luanadecoracoes.com.br\/site\/cortinas\" target=\"_blank\" rel=\"noopener\">Cortinas<\/a>\u00a0fazem uma grande diferen\u00e7a na\u00a0<a title=\"Decora\u00e7\u00e3o de cortinas na Asa Sul e Norte\" href=\"https:\/\/www.luanadecoracoes.com.br\/site\/papel-de-parede-decor\" target=\"_blank\" rel=\"noopener\">decora\u00e7\u00e3o<\/a><\/strong><\/h3>\r\n<h4><strong>Faremos uma breve apresenta\u00e7\u00e3o dos principais tipos, tecidos e suportes:<\/strong><\/h4>\r\n<ul>\r\n \t<li>Cortina de Voal: Esse tipo de cortina geralmente \u00e9 utilizada na sala de estar, seu tecido fino permite uma incid\u00eancia de luminosidade maior, o ideal para o\u00a0ambiente.<\/li>\r\n \t<li>Cortina DuoFold: Uma caracter\u00edstica diferente no sistema de abertura dessa cortina permite aspectos visuais diferentes e bem atraentes, seu sistema permite que o tecido se recolha tanto para cima quanto para baixo.<\/li>\r\n \t<li>Cortina Rol\u00f4: Esse tipo de cortina podemos ter o sistema de acionamento autom\u00e1tico, quando encolhidas ficam enroladas, podendo ser escondidas no cortineiro de gesso ou ent\u00e3o fixada em var\u00e3o.<\/li>\r\n \t<li>Cortina Blackout: Essa cortina \u00e9 feita com um material que barra em 100% a entrada de luz solar, tornando-a perfeita para quartos e salas de home Theater.<\/li>\r\n \t<li>Cortina Painel: Seu recolhimento lateral permite posi\u00e7\u00f5es diferentes, \u00e9 composta por pain\u00e9is de tecido que correm na horizontal presa sobre trilho.<\/li>\r\n \t<li><a title=\"Cortinas em Asa Sul e Norte\" href=\"https:\/\/www.luanadecoracoes.com.br\/site\/cortinas\" target=\"_blank\" rel=\"noopener\">Cortina<\/a>\u00a0Romana: Sua apar\u00eancia \u00e9 bastante sofisticada, com linhas retas e detalhes na horizontal, fica super\u00a0elegante.<\/li>\r\n<\/ul>","protected":false},"excerpt":{"rendered":"Asa Sul e Norte, bairros que respiram\u00a0decora\u00e7\u00e3o\u00a0de\u00a0cortinas Cortinas que fazem a diferen\u00e7a nos bairros de Bras\u00edlia. N\u00e3o precisa andar muito por suas Asas, as Asas Sul e Norte com seus imensos pr\u00e9dios comerciais e tamb\u00e9m os residenciais t\u00eam feito a grande diferen\u00e7a na\u00a0decora\u00e7\u00e3o\u00a0dos ambientes. Proporcionando um bloqueio total ou parcial da luminosidade, conforto visual e [&hellip;]","protected":false},"author":1,"featured_media":181,"comment_status":"open","ping_status":"open","sticky":false,"template":"","format":"standard","meta":{"footnotes":""},"categories":[12],"tags":[],"class_list":["post-158","post","type-post","status-publish","format-standard","has-post-thumbnail","hentry","category-cortinas"],"yoast_head":"<!-- This site is optimized with the Yoast SEO plugin v23.4 - https:\/\/yoast.com\/wordpress\/plugins\/seo\/ -->\n<title>Sofistica\u00e7\u00e3o com cortinas em Bras\u00edlia - Asa Sul e Norte - Luana Decora\u00e7\u00f5es<\/title>\n<meta name=\"robots\" content=\"index, follow, max-snippet:-1, max-image-preview:large, max-video-preview:-1\" \/>\n<link rel=\"canonical\" href=\"https:\/\/www.luanadecoracoes.com.br\/site\/sofisticacao-com-cortinas-em-brasilia-asa-sul-e-norte\/\" \/>\n<meta property=\"og:locale\" content=\"pt_BR\" \/>\n<meta property=\"og:type\" content=\"article\" \/>\n<meta property=\"og:title\" content=\"Sofistica\u00e7\u00e3o com cortinas em Bras\u00edlia - Asa Sul e Norte - Luana Decora\u00e7\u00f5es\" \/>\n<meta property=\"og:description\" content=\"Asa Sul e Norte, bairros que respiram\u00a0decora\u00e7\u00e3o\u00a0de\u00a0cortinas Cortinas que fazem a diferen\u00e7a nos bairros de Bras\u00edlia. N\u00e3o precisa andar muito por suas Asas, as Asas Sul e Norte com seus imensos pr\u00e9dios comerciais e tamb\u00e9m os residenciais t\u00eam feito a grande diferen\u00e7a na\u00a0decora\u00e7\u00e3o\u00a0dos ambientes. Proporcionando um bloqueio total ou parcial da luminosidade, conforto visual e [&hellip;]\" \/>\n<meta property=\"og:url\" content=\"https:\/\/www.luanadecoracoes.com.br\/site\/sofisticacao-com-cortinas-em-brasilia-asa-sul-e-norte\/\" \/>\n<meta property=\"og:site_name\" content=\"Luana Decora\u00e7\u00f5es\" \/>\n<meta property=\"article:publisher\" content=\"https:\/\/www.facebook.com\/luanadecoracoes\" \/>\n<meta property=\"article:published_time\" content=\"2019-04-08T21:56:58+00:00\" \/>\n<meta property=\"article:modified_time\" content=\"2019-04-10T20:28:14+00:00\" \/>\n<meta property=\"og:image\" content=\"https:\/\/www.luanadecoracoes.com.br\/site\/wp-content\/uploads\/2019\/04\/Sofisticacao-com-cortinas-em-Brasilia-Asa-Sul-e-Norte.jpg\" \/>\n\t<meta property=\"og:image:width\" content=\"800\" \/>\n\t<meta property=\"og:image:height\" content=\"533\" \/>\n\t<meta property=\"og:image:type\" content=\"image\/jpeg\" \/>\n<meta name=\"author\" content=\"luanadecoracoes\" \/>\n<meta name=\"twitter:card\" content=\"summary_large_image\" \/>\n<meta name=\"twitter:creator\" content=\"@luanadecoracoes\" \/>\n<meta name=\"twitter:site\" content=\"@luanadecoracoes\" \/>\n<meta name=\"twitter:label1\" content=\"Escrito por\" \/>\n\t<meta name=\"twitter:data1\" content=\"luanadecoracoes\" \/>\n\t<meta name=\"twitter:label2\" content=\"Est. tempo de leitura\" \/>\n\t<meta name=\"twitter:data2\" content=\"1 minuto\" \/>\n<script type=\"application\/ld+json\" class=\"yoast-schema-graph\">{\"@context\":\"https:\/\/schema.org\",\"@graph\":[{\"@type\":\"Article\",\"@id\":\"https:\/\/www.luanadecoracoes.com.br\/site\/sofisticacao-com-cortinas-em-brasilia-asa-sul-e-norte\/#article\",\"isPartOf\":{\"@id\":\"https:\/\/www.luanadecoracoes.com.br\/site\/sofisticacao-com-cortinas-em-brasilia-asa-sul-e-norte\/\"},\"author\":{\"name\":\"luanadecoracoes\",\"@id\":\"https:\/\/www.luanadecoracoes.com.br\/site\/#\/schema\/person\/6d8d89759200a8f8e3149e12b0d0a124\"},\"headline\":\"Sofistica\u00e7\u00e3o com cortinas em Bras\u00edlia &#8211; Asa Sul e Norte\",\"datePublished\":\"2019-04-08T21:56:58+00:00\",\"dateModified\":\"2019-04-10T20:28:14+00:00\",\"mainEntityOfPage\":{\"@id\":\"https:\/\/www.luanadecoracoes.com.br\/site\/sofisticacao-com-cortinas-em-brasilia-asa-sul-e-norte\/\"},\"wordCount\":281,\"commentCount\":0,\"publisher\":{\"@id\":\"https:\/\/www.luanadecoracoes.com.br\/site\/#organization\"},\"image\":{\"@id\":\"https:\/\/www.luanadecoracoes.com.br\/site\/sofisticacao-com-cortinas-em-brasilia-asa-sul-e-norte\/#primaryimage\"},\"thumbnailUrl\":\"https:\/\/www.luanadecoracoes.com.br\/site\/wp-content\/uploads\/2019\/04\/Sofisticacao-com-cortinas-em-Brasilia-Asa-Sul-e-Norte.jpg\",\"articleSection\":[\"Cortinas\"],\"inLanguage\":\"pt-BR\",\"potentialAction\":[{\"@type\":\"CommentAction\",\"name\":\"Comment\",\"target\":[\"https:\/\/www.luanadecoracoes.com.br\/site\/sofisticacao-com-cortinas-em-brasilia-asa-sul-e-norte\/#respond\"]}]},{\"@type\":\"WebPage\",\"@id\":\"https:\/\/www.luanadecoracoes.com.br\/site\/sofisticacao-com-cortinas-em-brasilia-asa-sul-e-norte\/\",\"url\":\"https:\/\/www.luanadecoracoes.com.br\/site\/sofisticacao-com-cortinas-em-brasilia-asa-sul-e-norte\/\",\"name\":\"Sofistica\u00e7\u00e3o com cortinas em Bras\u00edlia - Asa Sul e Norte - Luana Decora\u00e7\u00f5es\",\"isPartOf\":{\"@id\":\"https:\/\/www.luanadecoracoes.com.br\/site\/#website\"},\"primaryImageOfPage\":{\"@id\":\"https:\/\/www.luanadecoracoes.com.br\/site\/sofisticacao-com-cortinas-em-brasilia-asa-sul-e-norte\/#primaryimage\"},\"image\":{\"@id\":\"https:\/\/www.luanadecoracoes.com.br\/site\/sofisticacao-com-cortinas-em-brasilia-asa-sul-e-norte\/#primaryimage\"},\"thumbnailUrl\":\"https:\/\/www.luanadecoracoes.com.br\/site\/wp-content\/uploads\/2019\/04\/Sofisticacao-com-cortinas-em-Brasilia-Asa-Sul-e-Norte.jpg\",\"datePublished\":\"2019-04-08T21:56:58+00:00\",\"dateModified\":\"2019-04-10T20:28:14+00:00\",\"breadcrumb\":{\"@id\":\"https:\/\/www.luanadecoracoes.com.br\/site\/sofisticacao-com-cortinas-em-brasilia-asa-sul-e-norte\/#breadcrumb\"},\"inLanguage\":\"pt-BR\",\"potentialAction\":[{\"@type\":\"ReadAction\",\"target\":[\"https:\/\/www.luanadecoracoes.com.br\/site\/sofisticacao-com-cortinas-em-brasilia-asa-sul-e-norte\/\"]}]},{\"@type\":\"ImageObject\",\"inLanguage\":\"pt-BR\",\"@id\":\"https:\/\/www.luanadecoracoes.com.br\/site\/sofisticacao-com-cortinas-em-brasilia-asa-sul-e-norte\/#primaryimage\",\"url\":\"https:\/\/www.luanadecoracoes.com.br\/site\/wp-content\/uploads\/2019\/04\/Sofisticacao-com-cortinas-em-Brasilia-Asa-Sul-e-Norte.jpg\",\"contentUrl\":\"https:\/\/www.luanadecoracoes.com.br\/site\/wp-content\/uploads\/2019\/04\/Sofisticacao-com-cortinas-em-Brasilia-Asa-Sul-e-Norte.jpg\",\"width\":800,\"height\":533},{\"@type\":\"BreadcrumbList\",\"@id\":\"https:\/\/www.luanadecoracoes.com.br\/site\/sofisticacao-com-cortinas-em-brasilia-asa-sul-e-norte\/#breadcrumb\",\"itemListElement\":[{\"@type\":\"ListItem\",\"position\":1,\"name\":\"In\u00edcio\",\"item\":\"https:\/\/www.luanadecoracoes.com.br\/site\/\"},{\"@type\":\"ListItem\",\"position\":2,\"name\":\"Sofistica\u00e7\u00e3o com cortinas em Bras\u00edlia &#8211; Asa Sul e Norte\"}]},{\"@type\":\"WebSite\",\"@id\":\"https:\/\/www.luanadecoracoes.com.br\/site\/#website\",\"url\":\"https:\/\/www.luanadecoracoes.com.br\/site\/\",\"name\":\"Luana Decora\u00e7\u00f5es\",\"description\":\"Persianas, Toldos e Cortinas Sob Medida no DF\",\"publisher\":{\"@id\":\"https:\/\/www.luanadecoracoes.com.br\/site\/#organization\"},\"potentialAction\":[{\"@type\":\"SearchAction\",\"target\":{\"@type\":\"EntryPoint\",\"urlTemplate\":\"https:\/\/www.luanadecoracoes.com.br\/site\/?s={search_term_string}\"},\"query-input\":{\"@type\":\"PropertyValueSpecification\",\"valueRequired\":true,\"valueName\":\"search_term_string\"}}],\"inLanguage\":\"pt-BR\"},{\"@type\":\"Organization\",\"@id\":\"https:\/\/www.luanadecoracoes.com.br\/site\/#organization\",\"name\":\"Luana Decora\u00e7\u00f5es\",\"url\":\"https:\/\/www.luanadecoracoes.com.br\/site\/\",\"logo\":{\"@type\":\"ImageObject\",\"inLanguage\":\"pt-BR\",\"@id\":\"https:\/\/www.luanadecoracoes.com.br\/site\/#\/schema\/logo\/image\/\",\"url\":\"https:\/\/www.luanadecoracoes.com.br\/site\/wp-content\/uploads\/2024\/02\/LOGO_Luana-RGB.png\",\"contentUrl\":\"https:\/\/www.luanadecoracoes.com.br\/site\/wp-content\/uploads\/2024\/02\/LOGO_Luana-RGB.png\",\"width\":4740,\"height\":1964,\"caption\":\"Luana Decora\u00e7\u00f5es\"},\"image\":{\"@id\":\"https:\/\/www.luanadecoracoes.com.br\/site\/#\/schema\/logo\/image\/\"},\"sameAs\":[\"https:\/\/www.facebook.com\/luanadecoracoes\",\"https:\/\/x.com\/luanadecoracoes\",\"https:\/\/www.instagram.com\/luanadecor\/\"]},{\"@type\":\"Person\",\"@id\":\"https:\/\/www.luanadecoracoes.com.br\/site\/#\/schema\/person\/6d8d89759200a8f8e3149e12b0d0a124\",\"name\":\"luanadecoracoes\",\"image\":{\"@type\":\"ImageObject\",\"inLanguage\":\"pt-BR\",\"@id\":\"https:\/\/www.luanadecoracoes.com.br\/site\/#\/schema\/person\/image\/\",\"url\":\"https:\/\/secure.gravatar.com\/avatar\/4ef429b9a7b34f285e0e882f5954684c?s=96&d=mm&r=g\",\"contentUrl\":\"https:\/\/secure.gravatar.com\/avatar\/4ef429b9a7b34f285e0e882f5954684c?s=96&d=mm&r=g\",\"caption\":\"luanadecoracoes\"},\"description\":\"A loja n\u00famero 1 em cortinas e persianas do Distrito Federal, e agora disponibilizando seus produtos e servi\u00e7os de decora\u00e7\u00e3o para todo o Brasil.\",\"sameAs\":[\"https:\/\/www.luanadecoracoes.com.br\/\"],\"url\":\"https:\/\/www.luanadecoracoes.com.br\/site\/author\/luanadecoracoes\/\"}]}<\/script>\n<!-- \/ Yoast SEO plugin. -->","yoast_head_json":{"title":"Sofistica\u00e7\u00e3o com cortinas em Bras\u00edlia - Asa Sul e Norte - Luana Decora\u00e7\u00f5es","robots":{"index":"index","follow":"follow","max-snippet":"max-snippet:-1","max-image-preview":"max-image-preview:large","max-video-preview":"max-video-preview:-1"},"canonical":"https:\/\/www.luanadecoracoes.com.br\/site\/sofisticacao-com-cortinas-em-brasilia-asa-sul-e-norte\/","og_locale":"pt_BR","og_type":"article","og_title":"Sofistica\u00e7\u00e3o com cortinas em Bras\u00edlia - Asa Sul e Norte - Luana Decora\u00e7\u00f5es","og_description":"Asa Sul e Norte, bairros que respiram\u00a0decora\u00e7\u00e3o\u00a0de\u00a0cortinas Cortinas que fazem a diferen\u00e7a nos bairros de Bras\u00edlia. N\u00e3o precisa andar muito por suas Asas, as Asas Sul e Norte com seus imensos pr\u00e9dios comerciais e tamb\u00e9m os residenciais t\u00eam feito a grande diferen\u00e7a na\u00a0decora\u00e7\u00e3o\u00a0dos ambientes. Proporcionando um bloqueio total ou parcial da luminosidade, conforto visual e [&hellip;]","og_url":"https:\/\/www.luanadecoracoes.com.br\/site\/sofisticacao-com-cortinas-em-brasilia-asa-sul-e-norte\/","og_site_name":"Luana Decora\u00e7\u00f5es","article_publisher":"https:\/\/www.facebook.com\/luanadecoracoes","article_published_time":"2019-04-08T21:56:58+00:00","article_modified_time":"2019-04-10T20:28:14+00:00","og_image":[{"width":800,"height":533,"url":"https:\/\/www.luanadecoracoes.com.br\/site\/wp-content\/uploads\/2019\/04\/Sofisticacao-com-cortinas-em-Brasilia-Asa-Sul-e-Norte.jpg","type":"image\/jpeg"}],"author":"luanadecoracoes","twitter_card":"summary_large_image","twitter_creator":"@luanadecoracoes","twitter_site":"@luanadecoracoes","twitter_misc":{"Escrito por":"luanadecoracoes","Est. tempo de leitura":"1 minuto"},"schema":{"@context":"https:\/\/schema.org","@graph":[{"@type":"Article","@id":"https:\/\/www.luanadecoracoes.com.br\/site\/sofisticacao-com-cortinas-em-brasilia-asa-sul-e-norte\/#article","isPartOf":{"@id":"https:\/\/www.luanadecoracoes.com.br\/site\/sofisticacao-com-cortinas-em-brasilia-asa-sul-e-norte\/"},"author":{"name":"luanadecoracoes","@id":"https:\/\/www.luanadecoracoes.com.br\/site\/#\/schema\/person\/6d8d89759200a8f8e3149e12b0d0a124"},"headline":"Sofistica\u00e7\u00e3o com cortinas em Bras\u00edlia &#8211; Asa Sul e Norte","datePublished":"2019-04-08T21:56:58+00:00","dateModified":"2019-04-10T20:28:14+00:00","mainEntityOfPage":{"@id":"https:\/\/www.luanadecoracoes.com.br\/site\/sofisticacao-com-cortinas-em-brasilia-asa-sul-e-norte\/"},"wordCount":281,"commentCount":0,"publisher":{"@id":"https:\/\/www.luanadecoracoes.com.br\/site\/#organization"},"image":{"@id":"https:\/\/www.luanadecoracoes.com.br\/site\/sofisticacao-com-cortinas-em-brasilia-asa-sul-e-norte\/#primaryimage"},"thumbnailUrl":"https:\/\/www.luanadecoracoes.com.br\/site\/wp-content\/uploads\/2019\/04\/Sofisticacao-com-cortinas-em-Brasilia-Asa-Sul-e-Norte.jpg","articleSection":["Cortinas"],"inLanguage":"pt-BR","potentialAction":[{"@type":"CommentAction","name":"Comment","target":["https:\/\/www.luanadecoracoes.com.br\/site\/sofisticacao-com-cortinas-em-brasilia-asa-sul-e-norte\/#respond"]}]},{"@type":"WebPage","@id":"https:\/\/www.luanadecoracoes.com.br\/site\/sofisticacao-com-cortinas-em-brasilia-asa-sul-e-norte\/","url":"https:\/\/www.luanadecoracoes.com.br\/site\/sofisticacao-com-cortinas-em-brasilia-asa-sul-e-norte\/","name":"Sofistica\u00e7\u00e3o com cortinas em Bras\u00edlia - Asa Sul e Norte - Luana Decora\u00e7\u00f5es","isPartOf":{"@id":"https:\/\/www.luanadecoracoes.com.br\/site\/#website"},"primaryImageOfPage":{"@id":"https:\/\/www.luanadecoracoes.com.br\/site\/sofisticacao-com-cortinas-em-brasilia-asa-sul-e-norte\/#primaryimage"},"image":{"@id":"https:\/\/www.luanadecoracoes.com.br\/site\/sofisticacao-com-cortinas-em-brasilia-asa-sul-e-norte\/#primaryimage"},"thumbnailUrl":"https:\/\/www.luanadecoracoes.com.br\/site\/wp-content\/uploads\/2019\/04\/Sofisticacao-com-cortinas-em-Brasilia-Asa-Sul-e-Norte.jpg","datePublished":"2019-04-08T21:56:58+00:00","dateModified":"2019-04-10T20:28:14+00:00","breadcrumb":{"@id":"https:\/\/www.luanadecoracoes.com.br\/site\/sofisticacao-com-cortinas-em-brasilia-asa-sul-e-norte\/#breadcrumb"},"inLanguage":"pt-BR","potentialAction":[{"@type":"ReadAction","target":["https:\/\/www.luanadecoracoes.com.br\/site\/sofisticacao-com-cortinas-em-brasilia-asa-sul-e-norte\/"]}]},{"@type":"ImageObject","inLanguage":"pt-BR","@id":"https:\/\/www.luanadecoracoes.com.br\/site\/sofisticacao-com-cortinas-em-brasilia-asa-sul-e-norte\/#primaryimage","url":"https:\/\/www.luanadecoracoes.com.br\/site\/wp-content\/uploads\/2019\/04\/Sofisticacao-com-cortinas-em-Brasilia-Asa-Sul-e-Norte.jpg","contentUrl":"https:\/\/www.luanadecoracoes.com.br\/site\/wp-content\/uploads\/2019\/04\/Sofisticacao-com-cortinas-em-Brasilia-Asa-Sul-e-Norte.jpg","width":800,"height":533},{"@type":"BreadcrumbList","@id":"https:\/\/www.luanadecoracoes.com.br\/site\/sofisticacao-com-cortinas-em-brasilia-asa-sul-e-norte\/#breadcrumb","itemListElement":[{"@type":"ListItem","position":1,"name":"In\u00edcio","item":"https:\/\/www.luanadecoracoes.com.br\/site\/"},{"@type":"ListItem","position":2,"name":"Sofistica\u00e7\u00e3o com cortinas em Bras\u00edlia &#8211; Asa Sul e Norte"}]},{"@type":"WebSite","@id":"https:\/\/www.luanadecoracoes.com.br\/site\/#website","url":"https:\/\/www.luanadecoracoes.com.br\/site\/","name":"Luana Decora\u00e7\u00f5es","description":"Persianas, Toldos e Cortinas Sob Medida no DF","publisher":{"@id":"https:\/\/www.luanadecoracoes.com.br\/site\/#organization"},"potentialAction":[{"@type":"SearchAction","target":{"@type":"EntryPoint","urlTemplate":"https:\/\/www.luanadecoracoes.com.br\/site\/?s={search_term_string}"},"query-input":{"@type":"PropertyValueSpecification","valueRequired":true,"valueName":"search_term_string"}}],"inLanguage":"pt-BR"},{"@type":"Organization","@id":"https:\/\/www.luanadecoracoes.com.br\/site\/#organization","name":"Luana Decora\u00e7\u00f5es","url":"https:\/\/www.luanadecoracoes.com.br\/site\/","logo":{"@type":"ImageObject","inLanguage":"pt-BR","@id":"https:\/\/www.luanadecoracoes.com.br\/site\/#\/schema\/logo\/image\/","url":"https:\/\/www.luanadecoracoes.com.br\/site\/wp-content\/uploads\/2024\/02\/LOGO_Luana-RGB.png","contentUrl":"https:\/\/www.luanadecoracoes.com.br\/site\/wp-content\/uploads\/2024\/02\/LOGO_Luana-RGB.png","width":4740,"height":1964,"caption":"Luana Decora\u00e7\u00f5es"},"image":{"@id":"https:\/\/www.luanadecoracoes.com.br\/site\/#\/schema\/logo\/image\/"},"sameAs":["https:\/\/www.facebook.com\/luanadecoracoes","https:\/\/x.com\/luanadecoracoes","https:\/\/www.instagram.com\/luanadecor\/"]},{"@type":"Person","@id":"https:\/\/www.luanadecoracoes.com.br\/site\/#\/schema\/person\/6d8d89759200a8f8e3149e12b0d0a124","name":"luanadecoracoes","image":{"@type":"ImageObject","inLanguage":"pt-BR","@id":"https:\/\/www.luanadecoracoes.com.br\/site\/#\/schema\/person\/image\/","url":"https:\/\/secure.gravatar.com\/avatar\/4ef429b9a7b34f285e0e882f5954684c?s=96&d=mm&r=g","contentUrl":"https:\/\/secure.gravatar.com\/avatar\/4ef429b9a7b34f285e0e882f5954684c?s=96&d=mm&r=g","caption":"luanadecoracoes"},"description":"A loja n\u00famero 1 em cortinas e persianas do Distrito Federal, e agora disponibilizando seus produtos e servi\u00e7os de decora\u00e7\u00e3o para todo o Brasil.","sameAs":["https:\/\/www.luanadecoracoes.com.br\/"],"url":"https:\/\/www.luanadecoracoes.com.br\/site\/author\/luanadecoracoes\/"}]}},"_links":{"self":[{"href":"https:\/\/www.luanadecoracoes.com.br\/site\/wp-json\/wp\/v2\/posts\/158","targetHints":{"allow":["GET"]}}],"collection":[{"href":"https:\/\/www.luanadecoracoes.com.br\/site\/wp-json\/wp\/v2\/posts"}],"about":[{"href":"https:\/\/www.luanadecoracoes.com.br\/site\/wp-json\/wp\/v2\/types\/post"}],"author":[{"embeddable":true,"href":"https:\/\/www.luanadecoracoes.com.br\/site\/wp-json\/wp\/v2\/users\/1"}],"replies":[{"embeddable":true,"href":"https:\/\/www.luanadecoracoes.com.br\/site\/wp-json\/wp\/v2\/comments?post=158"}],"version-history":[{"count":3,"href":"https:\/\/www.luanadecoracoes.com.br\/site\/wp-json\/wp\/v2\/posts\/158\/revisions"}],"predecessor-version":[{"id":170,"href":"https:\/\/www.luanadecoracoes.com.br\/site\/wp-json\/wp\/v2\/posts\/158\/revisions\/170"}],"wp:featuredmedia":[{"embeddable":true,"href":"https:\/\/www.luanadecoracoes.com.br\/site\/wp-json\/wp\/v2\/media\/181"}],"wp:attachment":[{"href":"https:\/\/www.luanadecoracoes.com.br\/site\/wp-json\/wp\/v2\/media?parent=158"}],"wp:term":[{"taxonomy":"category","embeddable":true,"href":"https:\/\/www.luanadecoracoes.com.br\/site\/wp-json\/wp\/v2\/categories?post=158"},{"taxonomy":"post_tag","embeddable":true,"href":"https:\/\/www.luanadecoracoes.com.br\/site\/wp-json\/wp\/v2\/tags?post=158"}],"curies":[{"name":"wp","href":"https:\/\/api.w.org\/{rel}","templated":true}]}}